{"id":30585,"date":"2025-01-09T13:39:53","date_gmt":"2025-01-09T12:39:53","guid":{"rendered":"https:\/\/www.apollopecs.hu\/?p=30585"},"modified":"2025-01-22T11:36:43","modified_gmt":"2025-01-22T10:36:43","slug":"a-fiu-es-az-arany-kopeny-%e2%8e%aa-bidf","status":"publish","type":"post","link":"https:\/\/www.apollopecs.hu\/en\/suit-of-lights\/","title":{"rendered":"The Boy and the Suit of Lights \u23aa BIDF"},"content":{"rendered":"<p><\/p>\n<p>The screening will be followed by a professional discussion. Participants: M\u00e1t\u00e9 De\u00e1k, Department of Political Science and International Studies, PTE BTK, assistant professor, Ram\u00f3na S\u00fct\u0151, \u00c9lm\u00e9ny T\u00e1r, pedagogical professional leader, Zolt\u00e1n Major, journalist, organizer of BIDF P\u00e9cs.<\/p>\n<p>Filmed and carefully crafted and composed over the course of five years, the film follows Borja, a young boy growing up in Castellon, a small town in Spain, where the tradition of bullfighting weighs heavily on his shoulders. His grandad, Matias, pins his own unfulfilled dreams of becoming a professional bullfighter onto his grandchild with the hopes that it will get the family out of poverty. Like most underprivileged kids feeling trapped in a life with little choices and opportunities, Borja doesn\u2019t see a future beyond orange fields, fishing and bullfighting.<\/p>\n<p><\/p>","protected":false},"excerpt":{"rendered":"<p>The screening will be followed by a professional discussion. Participants: M\u00e1t\u00e9 De\u00e1k, Department of Political Science and International Studies, PTE BTK, assistant professor, Ram\u00f3na S\u00fct\u0151, \u00c9lm\u00e9ny T\u00e1r, pedagogical professional leader, Zolt\u00e1n Major, journalist, organizer of BIDF P\u00e9cs. Filmed and carefully crafted and composed over the course of five years, the film follows Borja, a young [&hellip;]<\/p>\n","protected":false},"author":6,"featured_media":0,"comment_status":"closed","ping_status":"closed","sticky":false,"template":"","format":"standard","meta":{"_acf_changed":false,"footnotes":""},"categories":[3],"tags":[],"acf":[],"yoast_head":"<!-- This site is optimized with the Yoast SEO plugin v23.4 - https:\/\/yoast.com\/wordpress\/plugins\/seo\/ -->\n<title>The Boy and the Suit of Lights \u23aa BIDF - Apoll\u00f3 Mozi P\u00e9cs<\/title>\n<meta name=\"robots\" content=\"index, follow, max-snippet:-1, max-image-preview:large, max-video-preview:-1\" \/>\n<link rel=\"canonical\" href=\"https:\/\/www.apollopecs.hu\/en\/wp-json\/wp\/v2\/posts\/30585\" \/>\n<meta property=\"og:locale\" content=\"en_US\" \/>\n<meta property=\"og:type\" content=\"article\" \/>\n<meta property=\"og:title\" content=\"The Boy and the Suit of Lights \u23aa BIDF - Apoll\u00f3 Mozi P\u00e9cs\" \/>\n<meta property=\"og:description\" content=\"The screening will be followed by a professional discussion. Participants: M\u00e1t\u00e9 De\u00e1k, Department of Political Science and International Studies, PTE BTK, assistant professor, Ram\u00f3na S\u00fct\u0151, \u00c9lm\u00e9ny T\u00e1r, pedagogical professional leader, Zolt\u00e1n Major, journalist, organizer of BIDF P\u00e9cs. Filmed and carefully crafted and composed over the course of five years, the film follows Borja, a young [&hellip;]\" \/>\n<meta property=\"og:url\" content=\"https:\/\/www.apollopecs.hu\/en\/wp-json\/wp\/v2\/posts\/30585\" \/>\n<meta property=\"og:site_name\" content=\"Apoll\u00f3 Mozi P\u00e9cs\" \/>\n<meta property=\"article:publisher\" content=\"https:\/\/www.facebook.com\/apollo.pecs\/\" \/>\n<meta property=\"article:published_time\" content=\"2025-01-09T12:39:53+00:00\" \/>\n<meta property=\"article:modified_time\" content=\"2025-01-22T10:36:43+00:00\" \/>\n<meta property=\"og:image\" content=\"https:\/\/www.apollopecs.hu\/wp-content\/uploads\/2016\/11\/logo.png\" \/>\n\t<meta property=\"og:image:width\" content=\"690\" \/>\n\t<meta property=\"og:image:height\" content=\"260\" \/>\n\t<meta property=\"og:image:type\" content=\"image\/png\" \/>\n<meta name=\"author\" content=\"TEAM APOLL\u00d3\" \/>\n<meta name=\"twitter:label1\" content=\"Written by\" \/>\n\t<meta name=\"twitter:data1\" content=\"TEAM APOLL\u00d3\" \/>\n\t<meta name=\"twitter:label2\" content=\"Est. reading time\" \/>\n\t<meta name=\"twitter:data2\" content=\"1 minute\" \/>\n<script type=\"application\/ld+json\" class=\"yoast-schema-graph\">{\"@context\":\"https:\/\/schema.org\",\"@graph\":[{\"@type\":\"Article\",\"@id\":\"https:\/\/www.apollopecs.hu\/arany-kopeny\/#article\",\"isPartOf\":{\"@id\":\"https:\/\/www.apollopecs.hu\/arany-kopeny\/\"},\"author\":{\"name\":\"TEAM APOLL\u00d3\",\"@id\":\"https:\/\/www.apollopecs.hu\/#\/schema\/person\/5f28de021cf5f0a2b331eaaded69ba30\"},\"headline\":\"The Boy and the Suit of Lights \u23aa BIDF\",\"datePublished\":\"2025-01-09T12:39:53+00:00\",\"dateModified\":\"2025-01-22T10:36:43+00:00\",\"mainEntityOfPage\":{\"@id\":\"https:\/\/www.apollopecs.hu\/arany-kopeny\/\"},\"wordCount\":372,\"publisher\":{\"@id\":\"https:\/\/www.apollopecs.hu\/#organization\"},\"articleSection\":[\"Film\"],\"inLanguage\":\"en-US\"},{\"@type\":\"WebPage\",\"@id\":\"https:\/\/www.apollopecs.hu\/en\/arany-kopeny\/\",\"url\":\"https:\/\/www.apollopecs.hu\/en\/arany-kopeny\/\",\"name\":\"The Boy and the Suit of Lights \u23aa BIDF - Apoll\u00f3 Mozi P\u00e9cs\",\"isPartOf\":{\"@id\":\"https:\/\/www.apollopecs.hu\/en\/#website\"},\"datePublished\":\"2025-01-09T12:39:53+00:00\",\"dateModified\":\"2025-01-22T10:36:43+00:00\",\"breadcrumb\":{\"@id\":\"https:\/\/www.apollopecs.hu\/en\/arany-kopeny\/#breadcrumb\"},\"inLanguage\":\"en-US\",\"potentialAction\":[{\"@type\":\"ReadAction\",\"target\":[[\"https:\/\/www.apollopecs.hu\/en\/arany-kopeny\/\"]]}]},{\"@type\":\"BreadcrumbList\",\"@id\":\"https:\/\/www.apollopecs.hu\/en\/arany-kopeny\/#breadcrumb\",\"itemListElement\":[{\"@type\":\"ListItem\",\"position\":1,\"name\":\"Home\",\"item\":\"https:\/\/www.apollopecs.hu\/en\/\"},{\"@type\":\"ListItem\",\"position\":2,\"name\":\"A fi\u00fa \u00e9s az arany k\u00f6peny \u23aa BIDF\"}]},{\"@type\":\"WebSite\",\"@id\":\"https:\/\/www.apollopecs.hu\/en\/#website\",\"url\":\"https:\/\/www.apollopecs.hu\/en\/\",\"name\":\"Apoll\u00f3 Mozi P\u00e9cs\",\"description\":\"\",\"publisher\":{\"@id\":\"https:\/\/www.apollopecs.hu\/en\/#organization\"},\"potentialAction\":[{\"@type\":\"SearchAction\",\"target\":{\"@type\":\"EntryPoint\",\"urlTemplate\":\"https:\/\/www.apollopecs.hu\/en\/?s={search_term_string}\"},\"query-input\":{\"@type\":\"PropertyValueSpecification\",\"valueRequired\":true,\"valueName\":\"search_term_string\"}}],\"inLanguage\":\"en-US\"},{\"@type\":\"Organization\",\"@id\":\"https:\/\/www.apollopecs.hu\/en\/#organization\",\"name\":\"Apoll\u00f3 Mozi - P\u00e9cs\",\"url\":\"https:\/\/www.apollopecs.hu\/en\/\",\"logo\":{\"@type\":\"ImageObject\",\"inLanguage\":\"en-US\",\"@id\":\"https:\/\/www.apollopecs.hu\/en\/#\/schema\/logo\/image\/\",\"url\":\"https:\/\/www.apollopecs.hu\/wp-content\/uploads\/2016\/11\/logo.png\",\"contentUrl\":\"https:\/\/www.apollopecs.hu\/wp-content\/uploads\/2016\/11\/logo.png\",\"width\":690,\"height\":260,\"caption\":\"Apoll\u00f3 Mozi - P\u00e9cs\"},\"image\":{\"@id\":\"https:\/\/www.apollopecs.hu\/en\/#\/schema\/logo\/image\/\"},\"sameAs\":[\"https:\/\/www.facebook.com\/apollo.pecs\/\"]},{\"@type\":\"Person\",\"@id\":\"https:\/\/www.apollopecs.hu\/#\/schema\/person\/5f28de021cf5f0a2b331eaaded69ba30\",\"name\":\"TEAM APOLL\u00d3\",\"image\":{\"@type\":\"ImageObject\",\"inLanguage\":\"en-US\",\"@id\":\"https:\/\/www.apollopecs.hu\/en\/#\/schema\/person\/image\/\",\"url\":\"https:\/\/secure.gravatar.com\/avatar\/3310b8437a7279991ef89007c6065e63?s=96&d=mm&r=g\",\"contentUrl\":\"https:\/\/secure.gravatar.com\/avatar\/3310b8437a7279991ef89007c6065e63?s=96&d=mm&r=g\",\"caption\":\"TEAM APOLL\u00d3\"},\"url\":\"https:\/\/www.apollopecs.hu\/en\/author\/balint\/\"}]}<\/script>\n<!-- \/ Yoast SEO plugin. -->","yoast_head_json":{"title":"The Boy and the Suit of Lights \u23aa BIDF - Apoll\u00f3 Mozi P\u00e9cs","robots":{"index":"index","follow":"follow","max-snippet":"max-snippet:-1","max-image-preview":"max-image-preview:large","max-video-preview":"max-video-preview:-1"},"canonical":"https:\/\/www.apollopecs.hu\/en\/wp-json\/wp\/v2\/posts\/30585","og_locale":"en_US","og_type":"article","og_title":"The Boy and the Suit of Lights \u23aa BIDF - Apoll\u00f3 Mozi P\u00e9cs","og_description":"The screening will be followed by a professional discussion. Participants: M\u00e1t\u00e9 De\u00e1k, Department of Political Science and International Studies, PTE BTK, assistant professor, Ram\u00f3na S\u00fct\u0151, \u00c9lm\u00e9ny T\u00e1r, pedagogical professional leader, Zolt\u00e1n Major, journalist, organizer of BIDF P\u00e9cs. Filmed and carefully crafted and composed over the course of five years, the film follows Borja, a young [&hellip;]","og_url":"https:\/\/www.apollopecs.hu\/en\/wp-json\/wp\/v2\/posts\/30585","og_site_name":"Apoll\u00f3 Mozi P\u00e9cs","article_publisher":"https:\/\/www.facebook.com\/apollo.pecs\/","article_published_time":"2025-01-09T12:39:53+00:00","article_modified_time":"2025-01-22T10:36:43+00:00","og_image":[{"width":690,"height":260,"url":"https:\/\/www.apollopecs.hu\/wp-content\/uploads\/2016\/11\/logo.png","type":"image\/png"}],"author":"TEAM APOLL\u00d3","twitter_misc":{"Written by":"TEAM APOLL\u00d3","Est. reading time":"1 minute"},"schema":{"@context":"https:\/\/schema.org","@graph":[{"@type":"Article","@id":"https:\/\/www.apollopecs.hu\/arany-kopeny\/#article","isPartOf":{"@id":"https:\/\/www.apollopecs.hu\/arany-kopeny\/"},"author":{"name":"TEAM APOLL\u00d3","@id":"https:\/\/www.apollopecs.hu\/#\/schema\/person\/5f28de021cf5f0a2b331eaaded69ba30"},"headline":"The Boy and the Suit of Lights \u23aa BIDF","datePublished":"2025-01-09T12:39:53+00:00","dateModified":"2025-01-22T10:36:43+00:00","mainEntityOfPage":{"@id":"https:\/\/www.apollopecs.hu\/arany-kopeny\/"},"wordCount":372,"publisher":{"@id":"https:\/\/www.apollopecs.hu\/#organization"},"articleSection":["Film"],"inLanguage":"en-US"},{"@type":"WebPage","@id":"https:\/\/www.apollopecs.hu\/en\/arany-kopeny\/","url":"https:\/\/www.apollopecs.hu\/en\/arany-kopeny\/","name":"The Boy and the Suit of Lights \u23aa BIDF - Apoll\u00f3 Mozi P\u00e9cs","isPartOf":{"@id":"https:\/\/www.apollopecs.hu\/en\/#website"},"datePublished":"2025-01-09T12:39:53+00:00","dateModified":"2025-01-22T10:36:43+00:00","breadcrumb":{"@id":"https:\/\/www.apollopecs.hu\/en\/arany-kopeny\/#breadcrumb"},"inLanguage":"en-US","potentialAction":[{"@type":"ReadAction","target":[["https:\/\/www.apollopecs.hu\/en\/arany-kopeny\/"]]}]},{"@type":"BreadcrumbList","@id":"https:\/\/www.apollopecs.hu\/en\/arany-kopeny\/#breadcrumb","itemListElement":[{"@type":"ListItem","position":1,"name":"Home","item":"https:\/\/www.apollopecs.hu\/en\/"},{"@type":"ListItem","position":2,"name":"A fi\u00fa \u00e9s az arany k\u00f6peny \u23aa BIDF"}]},{"@type":"WebSite","@id":"https:\/\/www.apollopecs.hu\/en\/#website","url":"https:\/\/www.apollopecs.hu\/en\/","name":"Apoll\u00f3 Mozi P\u00e9cs","description":"","publisher":{"@id":"https:\/\/www.apollopecs.hu\/en\/#organization"},"potentialAction":[{"@type":"SearchAction","target":{"@type":"EntryPoint","urlTemplate":"https:\/\/www.apollopecs.hu\/en\/?s={search_term_string}"},"query-input":{"@type":"PropertyValueSpecification","valueRequired":true,"valueName":"search_term_string"}}],"inLanguage":"en-US"},{"@type":"Organization","@id":"https:\/\/www.apollopecs.hu\/en\/#organization","name":"Apoll\u00f3 Mozi - P\u00e9cs","url":"https:\/\/www.apollopecs.hu\/en\/","logo":{"@type":"ImageObject","inLanguage":"en-US","@id":"https:\/\/www.apollopecs.hu\/en\/#\/schema\/logo\/image\/","url":"https:\/\/www.apollopecs.hu\/wp-content\/uploads\/2016\/11\/logo.png","contentUrl":"https:\/\/www.apollopecs.hu\/wp-content\/uploads\/2016\/11\/logo.png","width":690,"height":260,"caption":"Apoll\u00f3 Mozi - P\u00e9cs"},"image":{"@id":"https:\/\/www.apollopecs.hu\/en\/#\/schema\/logo\/image\/"},"sameAs":["https:\/\/www.facebook.com\/apollo.pecs\/"]},{"@type":"Person","@id":"https:\/\/www.apollopecs.hu\/#\/schema\/person\/5f28de021cf5f0a2b331eaaded69ba30","name":"TEAM APOLL\u00d3","image":{"@type":"ImageObject","inLanguage":"en-US","@id":"https:\/\/www.apollopecs.hu\/en\/#\/schema\/person\/image\/","url":"https:\/\/secure.gravatar.com\/avatar\/3310b8437a7279991ef89007c6065e63?s=96&d=mm&r=g","contentUrl":"https:\/\/secure.gravatar.com\/avatar\/3310b8437a7279991ef89007c6065e63?s=96&d=mm&r=g","caption":"TEAM APOLL\u00d3"},"url":"https:\/\/www.apollopecs.hu\/en\/author\/balint\/"}]}},"_links":{"self":[{"href":"https:\/\/www.apollopecs.hu\/en\/wp-json\/wp\/v2\/posts\/30585"}],"collection":[{"href":"https:\/\/www.apollopecs.hu\/en\/wp-json\/wp\/v2\/posts"}],"about":[{"href":"https:\/\/www.apollopecs.hu\/en\/wp-json\/wp\/v2\/types\/post"}],"author":[{"embeddable":true,"href":"https:\/\/www.apollopecs.hu\/en\/wp-json\/wp\/v2\/users\/6"}],"replies":[{"embeddable":true,"href":"https:\/\/www.apollopecs.hu\/en\/wp-json\/wp\/v2\/comments?post=30585"}],"version-history":[{"count":4,"href":"https:\/\/www.apollopecs.hu\/en\/wp-json\/wp\/v2\/posts\/30585\/revisions"}],"predecessor-version":[{"id":30780,"href":"https:\/\/www.apollopecs.hu\/en\/wp-json\/wp\/v2\/posts\/30585\/revisions\/30780"}],"wp:attachment":[{"href":"https:\/\/www.apollopecs.hu\/en\/wp-json\/wp\/v2\/media?parent=30585"}],"wp:term":[{"taxonomy":"category","embeddable":true,"href":"https:\/\/www.apollopecs.hu\/en\/wp-json\/wp\/v2\/categories?post=30585"},{"taxonomy":"post_tag","embeddable":true,"href":"https:\/\/www.apollopecs.hu\/en\/wp-json\/wp\/v2\/tags?post=30585"}],"curies":[{"name":"wp","href":"https:\/\/api.w.org\/{rel}","templated":true}]}}