{"id":8694,"date":"2016-08-03T20:36:56","date_gmt":"2016-08-03T20:36:56","guid":{"rendered":"http:\/\/apollo\/?p=97"},"modified":"2016-08-03T20:36:56","modified_gmt":"2016-08-03T20:36:56","slug":"vilagvevo_fesztival___dokumentumfilmek_az_apollo_moziban","status":"publish","type":"post","link":"https:\/\/www.apollopecs.hu\/en\/vilagvevo_fesztival___dokumentumfilmek_az_apollo_moziban\/","title":{"rendered":"Vil\u00e1gvev\u0151 Fesztiv\u00e1l &#8211; Dokumentumfilmek az Apoll\u00f3 Moziban"},"content":{"rendered":"<p>A val\u00f3s\u00e1g megsz\u00e1llottjait kedvezm\u00e9nyes \u00e1rakkal d\u00edjazzuk. \u0150rizd meg a jegyedet: a <b>Vil\u00e1gvev\u0151 Fesztiv\u00e1l<\/b> filmjeire az els\u0151 jegy 1050HUF (di\u00e1k\/nyugd\u00edjas 850HUF), a m\u00e1sodik \u00e9s az \u00f6sszes t\u00f6bbi film csak 850HUF (di\u00e1k\/nyugd\u00edjas 650HUF). <\/p>\n<p><b>VIL\u00c1GVEV\u0150K:<\/b><\/p>\n<p><b><a href=\"index.php?fid=2&#038;id=698\">Sushi\u00e1lmok \/ Jiro Dreams of Sushi<\/a><\/b><br \/>\njap\u00e1n dokumentumfilm, 2011, 81 perc<br \/>\nRendez\u0151: David Gelb<br \/>\nSzerepl\u0151k: Jiro Ono, Yoshikazu Ono<br \/>\n06.25-26. 18.00<\/p>\n<p><b><a href=\"index.php?fid=2&#038;id=870\">Szerelempatak<\/a><\/b><br \/>\nmagyar dokumentumfilm, 70 perc, 2013<br \/>\nRendez\u0151: S\u00f3s \u00c1gnes<br \/>\n06.27-28. 18.00<\/p>\n<p><b><a href=\"index.php?fid=2&#038;id=762\">A m\u00e9hek vil\u00e1ga \/ More Than Honey<\/a><\/b><br \/>\nsv\u00e1jci-n\u00e9met-osztr\u00e1k dokumentumfilm, 95 perc, 2012<br \/>\nRendez\u0151: Markus Imhoof<br \/>\n06.29. 18.00<\/p>\n<p><b><a href=\"index.php?fid=2&#038;id=1031\">A F\u00f6ld s\u00f3ja \/ Le sel de la terre<\/a><\/b><br \/>\nfrancia-olasz-brazil dokumentumfilm, 110 perc, 2014<br \/>\nRendez\u0151: Wim Wenders, Juliano Ribeiro Salgado<br \/>\n06.30-07.01. 18.00<\/p>\n<p><b><a href=\"index.php?fid=2&#038;id=1082\">Vil\u00e1gev\u0151k \/ Foodies<\/a><\/b><br \/>\nsv\u00e9d dokumentumfilm, 95 perc, 2014<br \/>\nRendez\u0151: Thomas Jackson, Charlotte Landelius, Henrik Stockare<br \/>\nSzerepl\u0151k: Andy Hayler, Katie Keiko, Aiste Miseviciute, Perm Paitayawat<br \/>\nSteven Plotnicki<br \/>\n06.25-07.01. 20.00; 07.06-08. 20.00<\/p>\n<p><b><a href=\"index.php?fid=2&#038;id=1084\">Meleg F\u00e9rfiak Hideg Diktat\u00far\u00e1k<\/a><\/b><br \/>\nmagyar dokumentumfilm, 90 perc, 2015<br \/>\nRendez\u0151: Tak\u00e1cs M\u00e1ria<br \/>\nSzerepl\u0151k: L\u00e1ner L\u00e1szl\u00f3, N\u00e1dasdy \u00c1d\u00e1m, P\u00e1lfi Bal\u00e1zs, P\u00e1los Attila, Raki\u00e1s Ferenc<br \/>\nTak\u00e1cs Bencze G\u00e1bor, T\u00f6lgyesy Zolt\u00e1n, Banach Nagy Mil\u00e1n, Hanzli P\u00e9ter<br \/>\n07.05-05. 20.00; 07.13-15. 20.00<\/p>\n<p><b><a href=\"index.php?fid=2&#038;id=1085\">Amy &#8211; Az Amy Winehouse-sztori \/ Amy<\/a><\/b><br \/>\nangol dokumentumfilm, 127 perc, 2015<br \/>\nRendez\u0151: Asif Kapadia<br \/>\nSzerepl\u0151k: Yasiin Bey, Amy Winehouse, Tony Bennett<br \/>\n07.09-15. 20.00<\/p>\n<p>Illusztr\u00e1ci\u00f3: <a href=\"http:\/\/www.gracialam.com\/\" target=\"_blank\">Gracia Lam<\/a> <\/p>\n","protected":false},"excerpt":{"rendered":"<p>A val\u00f3s\u00e1g megsz\u00e1llottjait kedvezm\u00e9nyes \u00e1rakkal d\u00edjazzuk. \u0150rizd meg a jegyedet: a Vil\u00e1gvev\u0151 Fesztiv\u00e1l filmjeire az els\u0151 jegy 1050HUF (di\u00e1k\/nyugd\u00edjas 850HUF), a m\u00e1sodik \u00e9s az \u00f6sszes t\u00f6bbi film csak 850HUF (di\u00e1k\/nyugd\u00edjas 650HUF). VIL\u00c1GVEV\u0150K: Sushi\u00e1lmok \/ Jiro Dreams of Sushi jap\u00e1n dokumentumfilm, 2011, 81 perc Rendez\u0151: David Gelb Szerepl\u0151k: Jiro Ono, Yoshikazu Ono 06.25-26. 18.00 Szerelempatak magyar [&hellip;]<\/p>\n","protected":false},"author":4,"featured_media":0,"comment_status":"closed","ping_status":"closed","sticky":false,"template":"","format":"standard","meta":{"_acf_changed":false,"footnotes":""},"categories":[1],"tags":[],"acf":[],"yoast_head":"<!-- This site is optimized with the Yoast SEO plugin v23.4 - https:\/\/yoast.com\/wordpress\/plugins\/seo\/ -->\n<title>Vil\u00e1gvev\u0151 Fesztiv\u00e1l - Dokumentumfilmek az Apoll\u00f3 Moziban - Apoll\u00f3 Mozi P\u00e9cs<\/title>\n<meta name=\"robots\" content=\"index, follow, max-snippet:-1, max-image-preview:large, max-video-preview:-1\" \/>\n<link rel=\"canonical\" href=\"https:\/\/www.apollopecs.hu\/en\/wp-json\/wp\/v2\/posts\/8694\" \/>\n<meta property=\"og:locale\" content=\"en_US\" \/>\n<meta property=\"og:type\" content=\"article\" \/>\n<meta property=\"og:title\" content=\"Vil\u00e1gvev\u0151 Fesztiv\u00e1l - Dokumentumfilmek az Apoll\u00f3 Moziban - Apoll\u00f3 Mozi P\u00e9cs\" \/>\n<meta property=\"og:description\" content=\"A val\u00f3s\u00e1g megsz\u00e1llottjait kedvezm\u00e9nyes \u00e1rakkal d\u00edjazzuk. \u0150rizd meg a jegyedet: a Vil\u00e1gvev\u0151 Fesztiv\u00e1l filmjeire az els\u0151 jegy 1050HUF (di\u00e1k\/nyugd\u00edjas 850HUF), a m\u00e1sodik \u00e9s az \u00f6sszes t\u00f6bbi film csak 850HUF (di\u00e1k\/nyugd\u00edjas 650HUF). VIL\u00c1GVEV\u0150K: Sushi\u00e1lmok \/ Jiro Dreams of Sushi jap\u00e1n dokumentumfilm, 2011, 81 perc Rendez\u0151: David Gelb Szerepl\u0151k: Jiro Ono, Yoshikazu Ono 06.25-26. 18.00 Szerelempatak magyar [&hellip;]\" \/>\n<meta property=\"og:url\" content=\"https:\/\/www.apollopecs.hu\/en\/wp-json\/wp\/v2\/posts\/8694\" \/>\n<meta property=\"og:site_name\" content=\"Apoll\u00f3 Mozi P\u00e9cs\" \/>\n<meta property=\"article:publisher\" content=\"https:\/\/www.facebook.com\/apollo.pecs\/\" \/>\n<meta property=\"article:published_time\" content=\"2016-08-03T20:36:56+00:00\" \/>\n<meta property=\"og:image\" content=\"https:\/\/www.apollopecs.hu\/wp-content\/uploads\/2016\/11\/logo.png\" \/>\n\t<meta property=\"og:image:width\" content=\"690\" \/>\n\t<meta property=\"og:image:height\" content=\"260\" \/>\n\t<meta property=\"og:image:type\" content=\"image\/png\" \/>\n<meta name=\"author\" content=\"TEAM APOLL\u00d3\" \/>\n<meta name=\"twitter:label1\" content=\"Written by\" \/>\n\t<meta name=\"twitter:data1\" content=\"TEAM APOLL\u00d3\" \/>\n\t<meta name=\"twitter:label2\" content=\"Est. reading time\" \/>\n\t<meta name=\"twitter:data2\" content=\"1 minute\" \/>\n<script type=\"application\/ld+json\" class=\"yoast-schema-graph\">{\"@context\":\"https:\/\/schema.org\",\"@graph\":[{\"@type\":\"Article\",\"@id\":\"https:\/\/www.apollopecs.hu\/vilagvevo_fesztival___dokumentumfilmek_az_apollo_moziban\/#article\",\"isPartOf\":{\"@id\":\"https:\/\/www.apollopecs.hu\/vilagvevo_fesztival___dokumentumfilmek_az_apollo_moziban\/\"},\"author\":{\"name\":\"TEAM APOLL\u00d3\",\"@id\":\"https:\/\/www.apollopecs.hu\/#\/schema\/person\/ec7c317ccecf0afdbc6e0e82bc3c652f\"},\"headline\":\"Vil\u00e1gvev\u0151 Fesztiv\u00e1l &#8211; Dokumentumfilmek az Apoll\u00f3 Moziban\",\"datePublished\":\"2016-08-03T20:36:56+00:00\",\"dateModified\":\"2016-08-03T20:36:56+00:00\",\"mainEntityOfPage\":{\"@id\":\"https:\/\/www.apollopecs.hu\/vilagvevo_fesztival___dokumentumfilmek_az_apollo_moziban\/\"},\"wordCount\":231,\"publisher\":{\"@id\":\"https:\/\/www.apollopecs.hu\/#organization\"},\"articleSection\":[\"Rendezv\u00e9ny\"],\"inLanguage\":\"en-US\"},{\"@type\":\"WebPage\",\"@id\":\"https:\/\/www.apollopecs.hu\/en\/vilagvevo_fesztival___dokumentumfilmek_az_apollo_moziban\/\",\"url\":\"https:\/\/www.apollopecs.hu\/en\/vilagvevo_fesztival___dokumentumfilmek_az_apollo_moziban\/\",\"name\":\"Vil\u00e1gvev\u0151 Fesztiv\u00e1l - Dokumentumfilmek az Apoll\u00f3 Moziban - Apoll\u00f3 Mozi P\u00e9cs\",\"isPartOf\":{\"@id\":\"https:\/\/www.apollopecs.hu\/en\/#website\"},\"datePublished\":\"2016-08-03T20:36:56+00:00\",\"dateModified\":\"2016-08-03T20:36:56+00:00\",\"breadcrumb\":{\"@id\":\"https:\/\/www.apollopecs.hu\/en\/vilagvevo_fesztival___dokumentumfilmek_az_apollo_moziban\/#breadcrumb\"},\"inLanguage\":\"en-US\",\"potentialAction\":[{\"@type\":\"ReadAction\",\"target\":[[\"https:\/\/www.apollopecs.hu\/en\/vilagvevo_fesztival___dokumentumfilmek_az_apollo_moziban\/\"]]}]},{\"@type\":\"BreadcrumbList\",\"@id\":\"https:\/\/www.apollopecs.hu\/en\/vilagvevo_fesztival___dokumentumfilmek_az_apollo_moziban\/#breadcrumb\",\"itemListElement\":[{\"@type\":\"ListItem\",\"position\":1,\"name\":\"Home\",\"item\":\"https:\/\/www.apollopecs.hu\/en\/\"},{\"@type\":\"ListItem\",\"position\":2,\"name\":\"Vil\u00e1gvev\u0151 Fesztiv\u00e1l &#8211; Dokumentumfilmek az Apoll\u00f3 Moziban\"}]},{\"@type\":\"WebSite\",\"@id\":\"https:\/\/www.apollopecs.hu\/en\/#website\",\"url\":\"https:\/\/www.apollopecs.hu\/en\/\",\"name\":\"Apoll\u00f3 Mozi P\u00e9cs\",\"description\":\"\",\"publisher\":{\"@id\":\"https:\/\/www.apollopecs.hu\/en\/#organization\"},\"potentialAction\":[{\"@type\":\"SearchAction\",\"target\":{\"@type\":\"EntryPoint\",\"urlTemplate\":\"https:\/\/www.apollopecs.hu\/en\/?s={search_term_string}\"},\"query-input\":{\"@type\":\"PropertyValueSpecification\",\"valueRequired\":true,\"valueName\":\"search_term_string\"}}],\"inLanguage\":\"en-US\"},{\"@type\":\"Organization\",\"@id\":\"https:\/\/www.apollopecs.hu\/en\/#organization\",\"name\":\"Apoll\u00f3 Mozi - P\u00e9cs\",\"url\":\"https:\/\/www.apollopecs.hu\/en\/\",\"logo\":{\"@type\":\"ImageObject\",\"inLanguage\":\"en-US\",\"@id\":\"https:\/\/www.apollopecs.hu\/en\/#\/schema\/logo\/image\/\",\"url\":\"https:\/\/www.apollopecs.hu\/wp-content\/uploads\/2016\/11\/logo.png\",\"contentUrl\":\"https:\/\/www.apollopecs.hu\/wp-content\/uploads\/2016\/11\/logo.png\",\"width\":690,\"height\":260,\"caption\":\"Apoll\u00f3 Mozi - P\u00e9cs\"},\"image\":{\"@id\":\"https:\/\/www.apollopecs.hu\/en\/#\/schema\/logo\/image\/\"},\"sameAs\":[\"https:\/\/www.facebook.com\/apollo.pecs\/\"]},{\"@type\":\"Person\",\"@id\":\"https:\/\/www.apollopecs.hu\/#\/schema\/person\/ec7c317ccecf0afdbc6e0e82bc3c652f\",\"name\":\"TEAM APOLL\u00d3\",\"image\":{\"@type\":\"ImageObject\",\"inLanguage\":\"en-US\",\"@id\":\"https:\/\/www.apollopecs.hu\/en\/#\/schema\/person\/image\/\",\"url\":\"https:\/\/secure.gravatar.com\/avatar\/c441344be2e5e870901b00a608c98a58?s=96&d=mm&r=g\",\"contentUrl\":\"https:\/\/secure.gravatar.com\/avatar\/c441344be2e5e870901b00a608c98a58?s=96&d=mm&r=g\",\"caption\":\"TEAM APOLL\u00d3\"},\"url\":\"https:\/\/www.apollopecs.hu\/en\/author\/migration\/\"}]}<\/script>\n<!-- \/ Yoast SEO plugin. -->","yoast_head_json":{"title":"Vil\u00e1gvev\u0151 Fesztiv\u00e1l - Dokumentumfilmek az Apoll\u00f3 Moziban - Apoll\u00f3 Mozi P\u00e9cs","robots":{"index":"index","follow":"follow","max-snippet":"max-snippet:-1","max-image-preview":"max-image-preview:large","max-video-preview":"max-video-preview:-1"},"canonical":"https:\/\/www.apollopecs.hu\/en\/wp-json\/wp\/v2\/posts\/8694","og_locale":"en_US","og_type":"article","og_title":"Vil\u00e1gvev\u0151 Fesztiv\u00e1l - Dokumentumfilmek az Apoll\u00f3 Moziban - Apoll\u00f3 Mozi P\u00e9cs","og_description":"A val\u00f3s\u00e1g megsz\u00e1llottjait kedvezm\u00e9nyes \u00e1rakkal d\u00edjazzuk. \u0150rizd meg a jegyedet: a Vil\u00e1gvev\u0151 Fesztiv\u00e1l filmjeire az els\u0151 jegy 1050HUF (di\u00e1k\/nyugd\u00edjas 850HUF), a m\u00e1sodik \u00e9s az \u00f6sszes t\u00f6bbi film csak 850HUF (di\u00e1k\/nyugd\u00edjas 650HUF). VIL\u00c1GVEV\u0150K: Sushi\u00e1lmok \/ Jiro Dreams of Sushi jap\u00e1n dokumentumfilm, 2011, 81 perc Rendez\u0151: David Gelb Szerepl\u0151k: Jiro Ono, Yoshikazu Ono 06.25-26. 18.00 Szerelempatak magyar [&hellip;]","og_url":"https:\/\/www.apollopecs.hu\/en\/wp-json\/wp\/v2\/posts\/8694","og_site_name":"Apoll\u00f3 Mozi P\u00e9cs","article_publisher":"https:\/\/www.facebook.com\/apollo.pecs\/","article_published_time":"2016-08-03T20:36:56+00:00","og_image":[{"width":690,"height":260,"url":"https:\/\/www.apollopecs.hu\/wp-content\/uploads\/2016\/11\/logo.png","type":"image\/png"}],"author":"TEAM APOLL\u00d3","twitter_misc":{"Written by":"TEAM APOLL\u00d3","Est. reading time":"1 minute"},"schema":{"@context":"https:\/\/schema.org","@graph":[{"@type":"Article","@id":"https:\/\/www.apollopecs.hu\/vilagvevo_fesztival___dokumentumfilmek_az_apollo_moziban\/#article","isPartOf":{"@id":"https:\/\/www.apollopecs.hu\/vilagvevo_fesztival___dokumentumfilmek_az_apollo_moziban\/"},"author":{"name":"TEAM APOLL\u00d3","@id":"https:\/\/www.apollopecs.hu\/#\/schema\/person\/ec7c317ccecf0afdbc6e0e82bc3c652f"},"headline":"Vil\u00e1gvev\u0151 Fesztiv\u00e1l &#8211; Dokumentumfilmek az Apoll\u00f3 Moziban","datePublished":"2016-08-03T20:36:56+00:00","dateModified":"2016-08-03T20:36:56+00:00","mainEntityOfPage":{"@id":"https:\/\/www.apollopecs.hu\/vilagvevo_fesztival___dokumentumfilmek_az_apollo_moziban\/"},"wordCount":231,"publisher":{"@id":"https:\/\/www.apollopecs.hu\/#organization"},"articleSection":["Rendezv\u00e9ny"],"inLanguage":"en-US"},{"@type":"WebPage","@id":"https:\/\/www.apollopecs.hu\/en\/vilagvevo_fesztival___dokumentumfilmek_az_apollo_moziban\/","url":"https:\/\/www.apollopecs.hu\/en\/vilagvevo_fesztival___dokumentumfilmek_az_apollo_moziban\/","name":"Vil\u00e1gvev\u0151 Fesztiv\u00e1l - Dokumentumfilmek az Apoll\u00f3 Moziban - Apoll\u00f3 Mozi P\u00e9cs","isPartOf":{"@id":"https:\/\/www.apollopecs.hu\/en\/#website"},"datePublished":"2016-08-03T20:36:56+00:00","dateModified":"2016-08-03T20:36:56+00:00","breadcrumb":{"@id":"https:\/\/www.apollopecs.hu\/en\/vilagvevo_fesztival___dokumentumfilmek_az_apollo_moziban\/#breadcrumb"},"inLanguage":"en-US","potentialAction":[{"@type":"ReadAction","target":[["https:\/\/www.apollopecs.hu\/en\/vilagvevo_fesztival___dokumentumfilmek_az_apollo_moziban\/"]]}]},{"@type":"BreadcrumbList","@id":"https:\/\/www.apollopecs.hu\/en\/vilagvevo_fesztival___dokumentumfilmek_az_apollo_moziban\/#breadcrumb","itemListElement":[{"@type":"ListItem","position":1,"name":"Home","item":"https:\/\/www.apollopecs.hu\/en\/"},{"@type":"ListItem","position":2,"name":"Vil\u00e1gvev\u0151 Fesztiv\u00e1l &#8211; Dokumentumfilmek az Apoll\u00f3 Moziban"}]},{"@type":"WebSite","@id":"https:\/\/www.apollopecs.hu\/en\/#website","url":"https:\/\/www.apollopecs.hu\/en\/","name":"Apoll\u00f3 Mozi P\u00e9cs","description":"","publisher":{"@id":"https:\/\/www.apollopecs.hu\/en\/#organization"},"potentialAction":[{"@type":"SearchAction","target":{"@type":"EntryPoint","urlTemplate":"https:\/\/www.apollopecs.hu\/en\/?s={search_term_string}"},"query-input":{"@type":"PropertyValueSpecification","valueRequired":true,"valueName":"search_term_string"}}],"inLanguage":"en-US"},{"@type":"Organization","@id":"https:\/\/www.apollopecs.hu\/en\/#organization","name":"Apoll\u00f3 Mozi - P\u00e9cs","url":"https:\/\/www.apollopecs.hu\/en\/","logo":{"@type":"ImageObject","inLanguage":"en-US","@id":"https:\/\/www.apollopecs.hu\/en\/#\/schema\/logo\/image\/","url":"https:\/\/www.apollopecs.hu\/wp-content\/uploads\/2016\/11\/logo.png","contentUrl":"https:\/\/www.apollopecs.hu\/wp-content\/uploads\/2016\/11\/logo.png","width":690,"height":260,"caption":"Apoll\u00f3 Mozi - P\u00e9cs"},"image":{"@id":"https:\/\/www.apollopecs.hu\/en\/#\/schema\/logo\/image\/"},"sameAs":["https:\/\/www.facebook.com\/apollo.pecs\/"]},{"@type":"Person","@id":"https:\/\/www.apollopecs.hu\/#\/schema\/person\/ec7c317ccecf0afdbc6e0e82bc3c652f","name":"TEAM APOLL\u00d3","image":{"@type":"ImageObject","inLanguage":"en-US","@id":"https:\/\/www.apollopecs.hu\/en\/#\/schema\/person\/image\/","url":"https:\/\/secure.gravatar.com\/avatar\/c441344be2e5e870901b00a608c98a58?s=96&d=mm&r=g","contentUrl":"https:\/\/secure.gravatar.com\/avatar\/c441344be2e5e870901b00a608c98a58?s=96&d=mm&r=g","caption":"TEAM APOLL\u00d3"},"url":"https:\/\/www.apollopecs.hu\/en\/author\/migration\/"}]}},"_links":{"self":[{"href":"https:\/\/www.apollopecs.hu\/en\/wp-json\/wp\/v2\/posts\/8694"}],"collection":[{"href":"https:\/\/www.apollopecs.hu\/en\/wp-json\/wp\/v2\/posts"}],"about":[{"href":"https:\/\/www.apollopecs.hu\/en\/wp-json\/wp\/v2\/types\/post"}],"author":[{"embeddable":true,"href":"https:\/\/www.apollopecs.hu\/en\/wp-json\/wp\/v2\/users\/4"}],"replies":[{"embeddable":true,"href":"https:\/\/www.apollopecs.hu\/en\/wp-json\/wp\/v2\/comments?post=8694"}],"version-history":[{"count":0,"href":"https:\/\/www.apollopecs.hu\/en\/wp-json\/wp\/v2\/posts\/8694\/revisions"}],"wp:attachment":[{"href":"https:\/\/www.apollopecs.hu\/en\/wp-json\/wp\/v2\/media?parent=8694"}],"wp:term":[{"taxonomy":"category","embeddable":true,"href":"https:\/\/www.apollopecs.hu\/en\/wp-json\/wp\/v2\/categories?post=8694"},{"taxonomy":"post_tag","embeddable":true,"href":"https:\/\/www.apollopecs.hu\/en\/wp-json\/wp\/v2\/tags?post=8694"}],"curies":[{"name":"wp","href":"https:\/\/api.w.org\/{rel}","templated":true}]}}